{"id":11411,"date":"2026-09-02T10:41:00","date_gmt":"2026-09-02T13:41:00","guid":{"rendered":"https:\/\/www.enf.ufmg.br\/?p=11411"},"modified":"2026-09-02T10:41:00","modified_gmt":"2026-09-02T13:41:00","slug":"escola-de-enfermagem-da-ufmg-inicia-instalacao-de-novos-elevadores","status":"publish","type":"post","link":"https:\/\/www.enf.ufmg.br\/?p=11411","title":{"rendered":"Escola de Enfermagem da UFMG inicia instala\u00e7\u00e3o de novos elevadores"},"content":{"rendered":"\n<p class=\"wp-block-paragraph\">A Escola de Enfermagem da UFMG est\u00e1 passando por uma importante etapa de moderniza\u00e7\u00e3o de sua infraestrutura com a substitui\u00e7\u00e3o dos dois elevadores do pr\u00e9dio. Os trabalhos, realizados pela Apta Elevadores, empresa contratada pela UFMG para efetivar a troca dos equipamentos, tiveram in\u00edcio em 2 de julho de 2026.<\/p>\n\n\n\n<figure class=\"wp-block-image alignleft size-large is-resized\"><img loading=\"lazy\" decoding=\"async\" width=\"1024\" height=\"768\" src=\"https:\/\/www.enf.ufmg.br\/wp-content\/uploads\/2026\/09\/elevadores-1024x768.jpeg\" alt=\"\" class=\"wp-image-11412\" style=\"width:444px;height:auto\" srcset=\"https:\/\/www.enf.ufmg.br\/wp-content\/uploads\/2026\/09\/elevadores-1024x768.jpeg 1024w, https:\/\/www.enf.ufmg.br\/wp-content\/uploads\/2026\/09\/elevadores-300x225.jpeg 300w, https:\/\/www.enf.ufmg.br\/wp-content\/uploads\/2026\/09\/elevadores-768x576.jpeg 768w, https:\/\/www.enf.ufmg.br\/wp-content\/uploads\/2026\/09\/elevadores-1536x1152.jpeg 1536w, https:\/\/www.enf.ufmg.br\/wp-content\/uploads\/2026\/09\/elevadores-2048x1536.jpeg 2048w\" sizes=\"auto, (max-width: 1024px) 100vw, 1024px\" \/><figcaption class=\"wp-element-caption\">In\u00edcio das obras dos elevadores<\/figcaption><\/figure>\n\n\n\n<p class=\"wp-block-paragraph\">As primeiras opera\u00e7\u00f5es realizadas pela empresa inclu\u00edram a defini\u00e7\u00e3o de qual equipamento seria trocado primeiro, a limpeza e pintura do fosso, a desinstala\u00e7\u00e3o das portas, a prote\u00e7\u00e3o da \u00e1rea com tapumes e a desmontagem completa da m\u00e1quina. O primeiro elevador foi integralmente desmontado e suas pe\u00e7as foram depositadas temporariamente no andar t\u00e9rreo da Escola. O descarte do material ser\u00e1 realizado posteriormente pela empresa, de forma apropriada.<\/p>\n\n\n\n<p class=\"wp-block-paragraph\">A diretora da Escola de Enfermagem, professora S\u00f4nia Maria Soares, destaca que essa \u00e9 uma obra importante e muito esperada pela comunidade acad\u00eamica, que contou com libera\u00e7\u00e3o de recursos financeiros do reitorado gest\u00e3o 2022-2026, e parte de recursos pr\u00f3prios da Escola de Enfermagem. \u201c\u00c9 uma mudan\u00e7a significativa na nossa infraestrutura. Todo o processo est\u00e1 sendo realizado de forma planejada, buscando garantir a seguran\u00e7a durante a execu\u00e7\u00e3o dos trabalhos e, ao mesmo tempo, manter o funcionamento do elevador que permanece em opera\u00e7\u00e3o\u201d.<\/p>\n\n\n\n<p class=\"wp-block-paragraph\"><strong>Novos equipamentos<\/strong><br>As pe\u00e7as dos dois novos elevadores come\u00e7aram a ser recebidas pela Escola em agosto. A maior parte dos componentes foi entregue entre sexta-feira e s\u00e1bado, nos dias 28 e 29 de agosto, marcando o in\u00edcio de uma nova etapa do processo de substitui\u00e7\u00e3o.<\/p>\n\n\n\n<p class=\"wp-block-paragraph\">A montagem do primeiro elevador novo ser\u00e1 iniciada no dia 2 de setembro, com previs\u00e3o de conclus\u00e3o em outubro. Ap\u00f3s a instala\u00e7\u00e3o completa e a conclus\u00e3o dos trabalhos no primeiro equipamento, ser\u00e1 iniciado o mesmo processo para a montagem do segundo elevador.<\/p>\n\n\n\n<p class=\"wp-block-paragraph\">O superintendente da EEUFMG, Mateus Bastos, enfatiza que com a chegada das pe\u00e7as, entramos agora em uma etapa mais vis\u00edvel da substitui\u00e7\u00e3o dos equipamentos. \u201cA previs\u00e3o \u00e9 que a montagem do primeiro elevador seja conclu\u00edda em outubro e, na sequ\u00eancia, a equipe dar\u00e1 in\u00edcio \u00e0 instala\u00e7\u00e3o do segundo\u201d.<\/p>\n\n\n\n<p class=\"wp-block-paragraph\"><strong>Manuten\u00e7\u00e3o durante as obras<\/strong><br>Desde o in\u00edcio dos trabalhos, 2 de julho, a Apta Elevadores tamb\u00e9m passou a ser respons\u00e1vel pela manuten\u00e7\u00e3o do elevador que permanece em opera\u00e7\u00e3o. Conforme previsto no contrato, cabe \u00e0 empresa manter o equipamento funcionando enquanto s\u00e3o conduzidos os trabalhos de desinstala\u00e7\u00e3o e instala\u00e7\u00e3o dos novos elevadores.<br>O contrato prev\u00ea ainda que, ap\u00f3s a conclus\u00e3o dos trabalhos, a Apta Elevadores ficar\u00e1 respons\u00e1vel pela manuten\u00e7\u00e3o dos dois novos equipamentos pelo per\u00edodo de 12 meses.<br>\u201cA manuten\u00e7\u00e3o do elevador que continua em funcionamento \u00e9 fundamental durante esse per\u00edodo de transi\u00e7\u00e3o. O contrato estabelece essa responsabilidade da empresa justamente para que o equipamento em opera\u00e7\u00e3o seja acompanhado enquanto ocorre a substitui\u00e7\u00e3o do outro\u201d, ressalta o superintendente.<\/p>\n","protected":false},"excerpt":{"rendered":"<p>A Escola de Enfermagem da UFMG est\u00e1 passando por uma importante etapa de moderniza\u00e7\u00e3o de sua infraestrutura com a substitui\u00e7\u00e3o dos dois elevadores do pr\u00e9dio. Os trabalhos, realizados pela Apta [&hellip;]<\/p>\n","protected":false},"author":2,"featured_media":0,"comment_status":"closed","ping_status":"","sticky":false,"template":"","format":"standard","meta":{"_EventAllDay":false,"_EventTimezone":"","_EventStartDate":"","_EventEndDate":"","_EventStartDateUTC":"","_EventEndDateUTC":"","_EventShowMap":false,"_EventShowMapLink":false,"_EventURL":"","_EventCost":"","_EventCostDescription":"","_EventCurrencySymbol":"","_EventCurrencyCode":"","_EventCurrencyPosition":"","_EventDateTimeSeparator":"","_EventTimeRangeSeparator":"","_EventOrganizerID":[],"_EventVenueID":[],"_OrganizerEmail":"","_OrganizerPhone":"","_OrganizerWebsite":"","_VenueAddress":"","_VenueCity":"","_VenueCountry":"","_VenueProvince":"","_VenueState":"","_VenueZip":"","_VenuePhone":"","_VenueURL":"","_VenueStateProvince":"","_VenueLat":"","_VenueLng":"","_VenueShowMap":false,"_VenueShowMapLink":false,"footnotes":""},"categories":[3],"tags":[],"class_list":["post-11411","post","type-post","status-publish","format-standard","hentry","category-noticias"],"_links":{"self":[{"href":"https:\/\/www.enf.ufmg.br\/index.php?rest_route=\/wp\/v2\/posts\/11411","targetHints":{"allow":["GET"]}}],"collection":[{"href":"https:\/\/www.enf.ufmg.br\/index.php?rest_route=\/wp\/v2\/posts"}],"about":[{"href":"https:\/\/www.enf.ufmg.br\/index.php?rest_route=\/wp\/v2\/types\/post"}],"author":[{"embeddable":true,"href":"https:\/\/www.enf.ufmg.br\/index.php?rest_route=\/wp\/v2\/users\/2"}],"replies":[{"embeddable":true,"href":"https:\/\/www.enf.ufmg.br\/index.php?rest_route=%2Fwp%2Fv2%2Fcomments&post=11411"}],"version-history":[{"count":1,"href":"https:\/\/www.enf.ufmg.br\/index.php?rest_route=\/wp\/v2\/posts\/11411\/revisions"}],"predecessor-version":[{"id":11413,"href":"https:\/\/www.enf.ufmg.br\/index.php?rest_route=\/wp\/v2\/posts\/11411\/revisions\/11413"}],"wp:attachment":[{"href":"https:\/\/www.enf.ufmg.br\/index.php?rest_route=%2Fwp%2Fv2%2Fmedia&parent=11411"}],"wp:term":[{"taxonomy":"category","embeddable":true,"href":"https:\/\/www.enf.ufmg.br\/index.php?rest_route=%2Fwp%2Fv2%2Fcategories&post=11411"},{"taxonomy":"post_tag","embeddable":true,"href":"https:\/\/www.enf.ufmg.br\/index.php?rest_route=%2Fwp%2Fv2%2Ftags&post=11411"}],"curies":[{"name":"wp","href":"https:\/\/api.w.org\/{rel}","templated":true}]}}