{"id":11405,"date":"2026-09-01T07:33:00","date_gmt":"2026-09-01T10:33:00","guid":{"rendered":"https:\/\/www.enf.ufmg.br\/?p=11405"},"modified":"2026-08-31T16:37:55","modified_gmt":"2026-08-31T19:37:55","slug":"escola-de-enfermagem-recebe-qualificacao-do-projeto-alerta-lilas-do-ministerio-publico-de-minas-gerais","status":"publish","type":"post","link":"https:\/\/www.enf.ufmg.br\/?p=11405","title":{"rendered":"Escola de Enfermagem recebe qualifica\u00e7\u00e3o do projeto Alerta Lil\u00e1s, do Minist\u00e9rio P\u00fablico de Minas Gerais"},"content":{"rendered":"\n<p class=\"wp-block-paragraph\">A Escola de Enfermagem da UFMG recebeu, no dia 27 de agosto, uma a\u00e7\u00e3o presencial de qualifica\u00e7\u00e3o do projeto Alerta Lil\u00e1s: Sa\u00fade da Mulher como Preven\u00e7\u00e3o ao Feminic\u00eddio, promovida pelo Minist\u00e9rio P\u00fablico de Minas Gerais (MPMG), por meio do Centro de Apoio Operacional das Promotorias de Justi\u00e7a de Combate \u00e0 Viol\u00eancia Dom\u00e9stica e Familiar contra a Mulher (CAO-VD) e do Centro de Apoio Operacional das Promotorias de Justi\u00e7a de Defesa da Sa\u00fade (CAO-Sa\u00fade).<br>A atividade integra o eixo de qualifica\u00e7\u00e3o permanente do projeto e teve como objetivo fortalecer a atua\u00e7\u00e3o dos profissionais de sa\u00fade na identifica\u00e7\u00e3o, acolhimento e encaminhamento de mulheres em situa\u00e7\u00e3o de viol\u00eancia. A realiza\u00e7\u00e3o da qualifica\u00e7\u00e3o na Escola de Enfermagem est\u00e1 relacionada ao protocolo de inten\u00e7\u00f5es firmado entre a UFMG e o MPMG, que prev\u00ea a implementa\u00e7\u00e3o e a dissemina\u00e7\u00e3o das estrat\u00e9gias do Alerta Lil\u00e1s nos espa\u00e7os educacionais. A iniciativa refor\u00e7a a aproxima\u00e7\u00e3o do projeto com o ambiente acad\u00eamico e com a forma\u00e7\u00e3o de profissionais de sa\u00fade.<\/p>\n\n\n\n<p class=\"wp-block-paragraph\">A professora Keli Bahia Felic\u00edssimo Zocratto, coordenadora da turma especial do Programa de Mestrado Profissional em Gest\u00e3o de Servi\u00e7os de Sa\u00fade, direcionada para a forma\u00e7\u00e3o de membros e servidores do MPMG, explica que a atividade insere-se na perspectiva da educa\u00e7\u00e3o permanente em sa\u00fade, buscando aproximar a forma\u00e7\u00e3o acad\u00eamica das necessidades concretas do SUS e das pol\u00edticas p\u00fablicas de enfrentamento \u00e0 viol\u00eancia contra a mulher.<\/p>\n\n\n\n<p class=\"wp-block-paragraph\">A qualifica\u00e7\u00e3o foi conduzida pelas coordenadoras do CAO-Sa\u00fade e do CAO-VD, as promotoras de Justi\u00e7a Giovanna Carone Nucci Ferreira e Denise Guerzoni Coelho, respectivamente, al\u00e9m da equipe t\u00e9cnica do projeto, formada por profissionais das \u00e1reas de Servi\u00e7o Social, Psicologia e Medicina.<\/p>\n\n\n\n<figure class=\"wp-block-image aligncenter size-large is-resized\"><img loading=\"lazy\" decoding=\"async\" width=\"1024\" height=\"768\" src=\"https:\/\/www.enf.ufmg.br\/wp-content\/uploads\/2026\/08\/Alerta-Lilias-UFMG-_7_-1024x768.jpg\" alt=\"\" class=\"wp-image-11406\" style=\"aspect-ratio:1.3333401151553377;width:404px;height:auto\" srcset=\"https:\/\/www.enf.ufmg.br\/wp-content\/uploads\/2026\/08\/Alerta-Lilias-UFMG-_7_-1024x768.jpg 1024w, https:\/\/www.enf.ufmg.br\/wp-content\/uploads\/2026\/08\/Alerta-Lilias-UFMG-_7_-300x225.jpg 300w, https:\/\/www.enf.ufmg.br\/wp-content\/uploads\/2026\/08\/Alerta-Lilias-UFMG-_7_-768x576.jpg 768w, https:\/\/www.enf.ufmg.br\/wp-content\/uploads\/2026\/08\/Alerta-Lilias-UFMG-_7_-1536x1152.jpg 1536w, https:\/\/www.enf.ufmg.br\/wp-content\/uploads\/2026\/08\/Alerta-Lilias-UFMG-_7_-2048x1536.jpg 2048w\" sizes=\"auto, (max-width: 1024px) 100vw, 1024px\" \/><figcaption class=\"wp-element-caption\">A mesa de abertura do evento foi composta pela professora Keli Zocratto, a diretora da EEUFMG S\u00f4nia Soares e as promotoras de Justi\u00e7a Giovanna Ferreira e Denise Coelho<\/figcaption><\/figure>\n\n\n\n<p class=\"wp-block-paragraph\">Durante a atividade, foram abordados temas como as diferentes formas de viol\u00eancia contra a mulher, legisla\u00e7\u00e3o, perspectiva interseccional, identifica\u00e7\u00e3o de sinais e sintomas associados \u00e0 viol\u00eancia, acolhimento e escuta qualificada, avalia\u00e7\u00e3o de risco, constru\u00e7\u00e3o do plano de seguran\u00e7a, notifica\u00e7\u00e3o compuls\u00f3ria e fluxos de encaminhamento para a rede de prote\u00e7\u00e3o.<\/p>\n\n\n\n<p class=\"wp-block-paragraph\">Segundo as promotoras, a inser\u00e7\u00e3o dessa tem\u00e1tica nos espa\u00e7os de forma\u00e7\u00e3o amplia a compreens\u00e3o da viol\u00eancia contra a mulher como quest\u00e3o tamb\u00e9m relacionada \u00e0 sa\u00fade p\u00fablica e contribui para que futuros e atuais profissionais estejam preparados para reconhecer situa\u00e7\u00f5es de vulnerabilidade, acolher adequadamente e conhecer os caminhos dispon\u00edveis na rede de cuidado e prote\u00e7\u00e3o.<\/p>\n\n\n\n<p class=\"wp-block-paragraph\">O material utilizado na qualifica\u00e7\u00e3o ressalta que a viol\u00eancia dom\u00e9stica e familiar provoca repercuss\u00f5es importantes sobre a sa\u00fade f\u00edsica e mental das mulheres e, por isso, demanda respostas articuladas de preven\u00e7\u00e3o, assist\u00eancia e prote\u00e7\u00e3o.<\/p>\n\n\n\n<p class=\"wp-block-paragraph\">Alerta Lil\u00e1s Sa\u00fade aposta na preven\u00e7\u00e3o e na atua\u00e7\u00e3o em rede<\/p>\n\n\n\n<p class=\"wp-block-paragraph\">O Alerta Lil\u00e1s Sa\u00fade parte do reconhecimento de que os servi\u00e7os de sa\u00fade ocupam posi\u00e7\u00e3o estrat\u00e9gica na preven\u00e7\u00e3o da viol\u00eancia dom\u00e9stica e do feminic\u00eddio. Segundo o projeto, muitas mulheres procuram unidades de sa\u00fade em diferentes momentos da trajet\u00f3ria de viol\u00eancia, inclusive antes de buscar os \u00f3rg\u00e3os de seguran\u00e7a p\u00fablica ou o sistema de Justi\u00e7a. Nesse contexto, a capacidade dos profissionais para identificar sinais, realizar uma escuta qualificada, avaliar situa\u00e7\u00f5es de risco e promover os encaminhamentos adequados pode contribuir para interromper a escalada da viol\u00eancia e preservar vidas.<\/p>\n\n\n\n<p class=\"wp-block-paragraph\">As promotoras de Justi\u00e7a destacam que as duas qualifica\u00e7\u00f5es marcam o avan\u00e7o do eixo formativo do Alerta Lil\u00e1s, que busca associar informa\u00e7\u00e3o, qualifica\u00e7\u00e3o profissional e articula\u00e7\u00e3o intersetorial para prevenir o agravamento da viol\u00eancia contra as mulheres.<\/p>\n\n\n\n<figure class=\"wp-block-image aligncenter size-large is-resized\"><img loading=\"lazy\" decoding=\"async\" width=\"1024\" height=\"768\" src=\"https:\/\/www.enf.ufmg.br\/wp-content\/uploads\/2026\/08\/Alerta-Lilias-UFMG-_1_-1024x768.jpg\" alt=\"\" class=\"wp-image-11407\" style=\"aspect-ratio:1.3333401151553377;width:385px;height:auto\" srcset=\"https:\/\/www.enf.ufmg.br\/wp-content\/uploads\/2026\/08\/Alerta-Lilias-UFMG-_1_-1024x768.jpg 1024w, https:\/\/www.enf.ufmg.br\/wp-content\/uploads\/2026\/08\/Alerta-Lilias-UFMG-_1_-300x225.jpg 300w, https:\/\/www.enf.ufmg.br\/wp-content\/uploads\/2026\/08\/Alerta-Lilias-UFMG-_1_-768x576.jpg 768w, https:\/\/www.enf.ufmg.br\/wp-content\/uploads\/2026\/08\/Alerta-Lilias-UFMG-_1_-1536x1152.jpg 1536w, https:\/\/www.enf.ufmg.br\/wp-content\/uploads\/2026\/08\/Alerta-Lilias-UFMG-_1_-2048x1536.jpg 2048w\" sizes=\"auto, (max-width: 1024px) 100vw, 1024px\" \/><figcaption class=\"wp-element-caption\">O evento reuniu cerca de 80 pessoas no audit\u00f3rio Maria Sinno da EEUFMG<\/figcaption><\/figure>\n\n\n\n<p class=\"wp-block-paragraph\">Segundo elas, a proposta parte da compreens\u00e3o de que o enfrentamento ao feminic\u00eddio n\u00e3o deve se limitar \u00e0 resposta posterior aos epis\u00f3dios mais graves. &#8220;\u00c9 necess\u00e1rio fortalecer a capacidade das pol\u00edticas p\u00fablicas de identificar precocemente situa\u00e7\u00f5es de viol\u00eancia, reconhecer fatores de risco e oferecer respostas protetivas antes que a viol\u00eancia evolua. Nesse sentido, o projeto busca fortalecer a integra\u00e7\u00e3o entre sa\u00fade, assist\u00eancia social, seguran\u00e7a p\u00fablica e sistema de Justi\u00e7a, reconhecendo os servi\u00e7os de sa\u00fade como importantes pontos de acesso \u00e0 rede de prote\u00e7\u00e3o&#8221;, afirmam.<br>A mensagem central do Alerta Lil\u00e1s Sa\u00fade, segundo as promotoras, \u00e9 que cada atendimento em sa\u00fade pode representar uma oportunidade de reconhecer a viol\u00eancia, acolher a mulher e contribuir para a prote\u00e7\u00e3o de sua vida.<\/p>\n\n\n\n<p class=\"wp-block-paragraph\">(Com Assessoria de Comunica\u00e7\u00e3o Integrada do Minist\u00e9rio P\u00fablico de Minas Gerais)<\/p>\n","protected":false},"excerpt":{"rendered":"<p>A Escola de Enfermagem da UFMG recebeu, no dia 27 de agosto, uma a\u00e7\u00e3o presencial de qualifica\u00e7\u00e3o do projeto Alerta Lil\u00e1s: Sa\u00fade da Mulher como Preven\u00e7\u00e3o ao Feminic\u00eddio, promovida pelo [&hellip;]<\/p>\n","protected":false},"author":2,"featured_media":0,"comment_status":"closed","ping_status":"","sticky":false,"template":"","format":"standard","meta":{"_EventAllDay":false,"_EventTimezone":"","_EventStartDate":"","_EventEndDate":"","_EventStartDateUTC":"","_EventEndDateUTC":"","_EventShowMap":false,"_EventShowMapLink":false,"_EventURL":"","_EventCost":"","_EventCostDescription":"","_EventCurrencySymbol":"","_EventCurrencyCode":"","_EventCurrencyPosition":"","_EventDateTimeSeparator":"","_EventTimeRangeSeparator":"","_EventOrganizerID":[],"_EventVenueID":[],"_OrganizerEmail":"","_OrganizerPhone":"","_OrganizerWebsite":"","_VenueAddress":"","_VenueCity":"","_VenueCountry":"","_VenueProvince":"","_VenueState":"","_VenueZip":"","_VenuePhone":"","_VenueURL":"","_VenueStateProvince":"","_VenueLat":"","_VenueLng":"","_VenueShowMap":false,"_VenueShowMapLink":false,"footnotes":""},"categories":[3],"tags":[],"class_list":["post-11405","post","type-post","status-publish","format-standard","hentry","category-noticias"],"_links":{"self":[{"href":"https:\/\/www.enf.ufmg.br\/index.php?rest_route=\/wp\/v2\/posts\/11405","targetHints":{"allow":["GET"]}}],"collection":[{"href":"https:\/\/www.enf.ufmg.br\/index.php?rest_route=\/wp\/v2\/posts"}],"about":[{"href":"https:\/\/www.enf.ufmg.br\/index.php?rest_route=\/wp\/v2\/types\/post"}],"author":[{"embeddable":true,"href":"https:\/\/www.enf.ufmg.br\/index.php?rest_route=\/wp\/v2\/users\/2"}],"replies":[{"embeddable":true,"href":"https:\/\/www.enf.ufmg.br\/index.php?rest_route=%2Fwp%2Fv2%2Fcomments&post=11405"}],"version-history":[{"count":1,"href":"https:\/\/www.enf.ufmg.br\/index.php?rest_route=\/wp\/v2\/posts\/11405\/revisions"}],"predecessor-version":[{"id":11408,"href":"https:\/\/www.enf.ufmg.br\/index.php?rest_route=\/wp\/v2\/posts\/11405\/revisions\/11408"}],"wp:attachment":[{"href":"https:\/\/www.enf.ufmg.br\/index.php?rest_route=%2Fwp%2Fv2%2Fmedia&parent=11405"}],"wp:term":[{"taxonomy":"category","embeddable":true,"href":"https:\/\/www.enf.ufmg.br\/index.php?rest_route=%2Fwp%2Fv2%2Fcategories&post=11405"},{"taxonomy":"post_tag","embeddable":true,"href":"https:\/\/www.enf.ufmg.br\/index.php?rest_route=%2Fwp%2Fv2%2Ftags&post=11405"}],"curies":[{"name":"wp","href":"https:\/\/api.w.org\/{rel}","templated":true}]}}